{"id":12363,"date":"2025-11-27T10:19:48","date_gmt":"2025-11-27T09:19:48","guid":{"rendered":"https:\/\/www.sg-ag.de\/WP\/?p=12363"},"modified":"2025-12-11T10:21:38","modified_gmt":"2025-12-11T09:21:38","slug":"sg-ag-will-endlich-wieder-punkten","status":"publish","type":"post","link":"https:\/\/www.sg-ag.de\/WP\/sg-ag-will-endlich-wieder-punkten\/","title":{"rendered":"SG AG will endlich wieder punkten"},"content":{"rendered":"\t\t<div data-elementor-type=\"wp-post\" data-elementor-id=\"12363\" class=\"elementor elementor-12363\" data-elementor-settings=\"{&quot;ha_cmc_init_switcher&quot;:&quot;no&quot;}\" data-elementor-post-type=\"post\">\n\t\t\t\t\t\t<section class=\"elementor-section elementor-top-section elementor-element elementor-element-fc0e293 elementor-section-boxed elementor-section-height-default elementor-section-height-default\" data-id=\"fc0e293\" data-element_type=\"section\" data-e-type=\"section\" data-settings=\"{&quot;_ha_eqh_enable&quot;:false}\">\n\t\t\t\t\t\t<div class=\"elementor-container elementor-column-gap-default\">\n\t\t\t\t\t<div class=\"elementor-column elementor-col-100 elementor-top-column elementor-element elementor-element-913f885\" data-id=\"913f885\" data-element_type=\"column\" data-e-type=\"column\">\n\t\t\t<div class=\"elementor-widget-wrap elementor-element-populated\">\n\t\t\t\t\t\t<div class=\"elementor-element elementor-element-b44dca5 elementor-widget elementor-widget-ha-slider happy-addon ha-slider\" data-id=\"b44dca5\" data-element_type=\"widget\" data-e-type=\"widget\" data-settings=\"{&quot;autoplay_speed&quot;:1500,&quot;navigation&quot;:&quot;dots&quot;,&quot;animation_speed&quot;:300,&quot;autoplay&quot;:&quot;yes&quot;,&quot;loop&quot;:&quot;yes&quot;,&quot;slides_transition&quot;:&quot;slide&quot;}\" data-widget_type=\"ha-slider.default\">\n\t\t\t\t<div class=\"elementor-widget-container\">\n\t\t\t\t\t\n\t\t<div class=\"hajs-slick ha-slick ha-slick--slider\">\n\n\t\t\t\n\t\t\t\t<div class=\"ha-slick-slide slick-slide\">\n\t\t\t\t\t<div class=\"ha-slick-item\">\n\t\t\t\t\t\t\t\t\t\t\t\t\t<img decoding=\"async\" class=\"ha-slick-img\" src=\"https:\/\/www.sg-ag.de\/WP\/wp-content\/uploads\/2025\/11\/voehringenVS-1024x1024.webp\" alt=\"\">\n\t\t\t\t\t\t\n\t\t\t\t\t\t\t\t\t\t\t<\/div>\n\t\t\t\t<\/div>\n\n\t\t\t\n\t\t<\/div>\n\n\t\t\n\t\t\n\t\t\t\t\t\t<\/div>\n\t\t\t\t<\/div>\n\t\t\t\t<div class=\"elementor-element elementor-element-915cf19 elementor-widget elementor-widget-text-editor\" data-id=\"915cf19\" data-element_type=\"widget\" data-e-type=\"widget\" data-widget_type=\"text-editor.default\">\n\t\t\t\t<div class=\"elementor-widget-container\">\n\t\t\t\t\t\t\t\t\t<p>Im letzten Heimspiel des Kalenderjahres empf\u00e4ngt die SGAG die G\u00e4ste aus V\u00f6hringen auf dem Altheimer Sportgel\u00e4nde.<br \/>Eigentlich w\u00fcrde zur R\u00fcckrunde der Spielbetrieb traditionell nach Gr\u00fcnmettstetten wechseln \u2013 doch der Platz l\u00e4sst es derzeit nicht zu. Eine Situation, die sinnbildlich f\u00fcr die bisherige Saison der SGAG steht: Es l\u00e4uft einfach nicht so, wie man es sich vorgestellt hat. Man munkelt bereits, dass mancher Spieler in Flensburg mehr Punkte gesammelt hat als die SGAG in dieser Vorrunde.<\/p><p>Umso gr\u00f6\u00dfer ist die Hoffnung der treuen SGAG-Anh\u00e4nger auf einen vers\u00f6hnlichen Jahresabschluss. Ein Sieg zum Ende von 2025 \u2013 das w\u00e4re das perfekte Signal f\u00fcr das Motto: \u201e2026 kann es nur besser werden.\u201c<br \/>Im neuen Jahr m\u00f6chte das Trainerteam wieder auf den vollst\u00e4ndigen Kader zur\u00fcckgreifen k\u00f6nnen. Besonders schmerzlich vermisst werden dabei Kapit\u00e4n N. Gekle und Allrounder J. Sch\u00e4fer.<\/p><p>Kommt vorbei und unterst\u00fctzt die SGAG!<br \/>Am besten mit einer hei\u00dfen Rote und einem Kalt- oder Warmgetr\u00e4nk in der Hand.<\/p>\t\t\t\t\t\t\t\t<\/div>\n\t\t\t\t<\/div>\n\t\t\t\t\t<\/div>\n\t\t<\/div>\n\t\t\t\t\t<\/div>\n\t\t<\/section>\n\t\t\t\t<\/div>\n\t\t","protected":false},"excerpt":{"rendered":"<p>Im letzten Heimspiel des Kalenderjahres empf\u00e4ngt die SGAG die G\u00e4ste aus V\u00f6hringen auf dem Altheimer Sportgel\u00e4nde.Eigentlich w\u00fcrde zur R\u00fcckrunde der Spielbetrieb traditionell nach Gr\u00fcnmettstetten wechseln \u2013 doch der Platz l\u00e4sst es derzeit nicht zu. Eine Situation, die sinnbildlich f\u00fcr die bisherige Saison der SGAG steht: Es l\u00e4uft einfach nicht so, wie man es sich vorgestellt [&hellip;]<\/p>\n","protected":false},"author":1,"featured_media":12365,"comment_status":"closed","ping_status":"closed","sticky":false,"template":"","format":"standard","meta":{"footnotes":""},"categories":[1],"tags":[],"class_list":["post-12363","post","type-post","status-publish","format-standard","has-post-thumbnail","hentry","category-allgemein"],"_links":{"self":[{"href":"https:\/\/www.sg-ag.de\/WP\/wp-json\/wp\/v2\/posts\/12363","targetHints":{"allow":["GET"]}}],"collection":[{"href":"https:\/\/www.sg-ag.de\/WP\/wp-json\/wp\/v2\/posts"}],"about":[{"href":"https:\/\/www.sg-ag.de\/WP\/wp-json\/wp\/v2\/types\/post"}],"author":[{"embeddable":true,"href":"https:\/\/www.sg-ag.de\/WP\/wp-json\/wp\/v2\/users\/1"}],"replies":[{"embeddable":true,"href":"https:\/\/www.sg-ag.de\/WP\/wp-json\/wp\/v2\/comments?post=12363"}],"version-history":[{"count":7,"href":"https:\/\/www.sg-ag.de\/WP\/wp-json\/wp\/v2\/posts\/12363\/revisions"}],"predecessor-version":[{"id":12371,"href":"https:\/\/www.sg-ag.de\/WP\/wp-json\/wp\/v2\/posts\/12363\/revisions\/12371"}],"wp:featuredmedia":[{"embeddable":true,"href":"https:\/\/www.sg-ag.de\/WP\/wp-json\/wp\/v2\/media\/12365"}],"wp:attachment":[{"href":"https:\/\/www.sg-ag.de\/WP\/wp-json\/wp\/v2\/media?parent=12363"}],"wp:term":[{"taxonomy":"category","embeddable":true,"href":"https:\/\/www.sg-ag.de\/WP\/wp-json\/wp\/v2\/categories?post=12363"},{"taxonomy":"post_tag","embeddable":true,"href":"https:\/\/www.sg-ag.de\/WP\/wp-json\/wp\/v2\/tags?post=12363"}],"curies":[{"name":"wp","href":"https:\/\/api.w.org\/{rel}","templated":true}]}}